{"id":32038,"date":"2025-09-17T12:29:31","date_gmt":"2025-09-17T10:29:31","guid":{"rendered":"https:\/\/der-reiseshop.de\/?p=32038"},"modified":"2025-12-30T19:39:04","modified_gmt":"2025-12-30T18:39:04","slug":"mein-schiff-im-sommer-2026","status":"publish","type":"post","link":"https:\/\/der-reiseshop.de\/index.php\/2025\/09\/17\/mein-schiff-im-sommer-2026\/","title":{"rendered":"Event Reise mit Mein Schiff 5 Bunte Horizonte"},"content":{"rendered":"<!-- PRIDE CRUISE \u2013 BUNTE HORIZONTE (Header-Bild gr\u00f6\u00dfer, lesbare Regenbogen-\u00dcberschriften) -->\n<div class=\"pride-cruise-wrapper\">\n  <style>\n    .pride-cruise-wrapper {\n      font-family: \"Segoe UI\", Roboto, Arial, sans-serif;\n      background: #e6f1fb;\n      color: #07203a;\n      border-radius: 16px;\n      box-shadow: 0 4px 16px rgba(0, 0, 0, 0.08);\n      overflow: hidden;\n      max-width: 900px;\n      margin: 50px auto;\n      text-align: center;\n    }\n\n    \/* Header *\/\n    .pride-header {\n      background: linear-gradient(90deg, #ffe4ef, #fff4da, #e8f9ec, #e1f1ff, #ede9ff);\n      padding: 40px 25px;\n      border-bottom: 1px solid #cce2f7;\n    }\n    .pride-header h2 {\n      font-size: clamp(24px, 4vw, 32px);\n      font-weight: 800;\n      margin: 0 0 20px 0;\n    }\n    .pride-header p {\n      font-size: clamp(14px, 1.8vw, 16px);\n      max-width: 700px;\n      margin: 0 auto;\n      line-height: 1.8;\n    }\n\n    \/* Image *\/\n    .pride-image {\n      margin: 35px 0;\n    }\n    .pride-image img {\n      display: block;\n      margin: 0 auto;\n      max-width: 700px; \/* gr\u00f6\u00dfer als vorher *\/\n      width: 100%;\n      height: auto;\n      border-radius: 12px;\n      object-fit: cover;\n      box-shadow: 0 6px 15px rgba(0,0,0,0.15); \/* leichter Schatten f\u00fcr Tiefe *\/\n    }\n\n    \/* Content *\/\n    .pride-content {\n      padding: 40px 35px 50px;\n    }\n    .pride-content h3 {\n      font-size: 20px;\n      margin-top: 30px;\n      padding-left: 10px;\n      display: inline-block;\n      text-align: left;\n      \/* Sattere Regenbogenfarben und leichter Schatten f\u00fcr Lesbarkeit *\/\n      background: linear-gradient(90deg, #e60073, #ff6600, #ffde00, #00c400, #0055ff, #9900cc);\n      -webkit-background-clip: text;\n      -webkit-text-fill-color: transparent;\n      text-shadow: 1px 1px 2px rgba(0,0,0,0.35);\n      border-left: 4px solid #8cc4ff;\n    }\n    .pride-content p, .pride-content ul {\n      max-width: 700px;\n      margin: 20px auto;\n      text-align: left;\n      line-height: 1.8;\n    }\n    .pride-content ul {\n      padding-left: 20px;\n    }\n\n    \/* Button *\/\n    .btn-pride {\n      display: inline-block;\n      background: #ffffff;\n      color: #07203a;\n      border: 2px solid #8cc4ff;\n      padding: 12px 25px;\n      border-radius: 10px;\n      text-decoration: none;\n      font-weight: 700;\n      transition: all 0.3s ease;\n      margin-top: 30px;\n    }\n    .btn-pride:hover {\n      background: #d8ecff;\n      transform: translateY(-2px);\n    }\n\n    .note {\n      font-size: 13px;\n      color: #4a5a6b;\n      margin-top: 20px;\n      text-align: center;\n    }\n\n    @media (max-width: 700px) {\n      .pride-header {\n        padding: 30px 15px;\n      }\n      .pride-content {\n        padding: 25px 18px 30px;\n      }\n    }\n  <\/style>\n\n  <!-- Header -->\n  <div class=\"pride-header\">\n    <h2>Bunte Horizonte \u2013 Pride Cruise 2026<\/h2>\n    <p>Vom <strong>12. \u2013 19. Juni 2026<\/strong> auf der <strong>Mein Schiff 5<\/strong>: eine unvergessliche Reise voller Farbe, Musik, Lebensfreude und Gemeinschaft \u2013 gemeinsam mit dem <strong>Rainbow Festival K\u00f6ln<\/strong>.<\/p>\n  <\/div>\n\n  <!-- Header-Bild -->\n  <div class=\"pride-image\">\n    <img decoding=\"async\" src=\"https:\/\/der-reiseshop.de\/wp-content\/uploads\/2025\/11\/header.png\" alt=\"Bunte Horizonte Header\">\n  <\/div>\n\n  <!-- Content -->\n  <section class=\"pride-content\">\n    <h3>Reise im Zeichen der Vielfalt<\/h3>\n    <p>An Bord erwartet dich eine Woche voller gemeinsamer Momente, inspirierender Gespr\u00e4che, Musik und Shows. Gemeinsam setzen wir ein starkes Zeichen f\u00fcr Offenheit, Respekt und Toleranz \u2013 auf See und an Land.<\/p>\n\n    <h3>Route &#038; Highlights<\/h3>\n    <p>Start auf <strong>Kreta<\/strong> und Stationen auf <strong>Kefalonia<\/strong>, <strong>Athen<\/strong>, <strong>Mykonos<\/strong> und <strong>Bodrum<\/strong>. Mykonos ist ein Highlight: lebendige LGBTQIA+ Szene, Freiheit und Partystimmung.<\/p>\n\n    <h3>Leistungen inklusive<\/h3>\n    <ul>\n      <li>Vielf\u00e4ltige \u00c0-la-carte- und Buffet-Restaurants<\/li>\n      <li>\u00dcber 100 Markengetr\u00e4nke inklusive<\/li>\n      <li>Sauna- &#038; Fitnessbereich ohne Aufpreis<\/li>\n      <li>Trinkgelder &#038; Kabinenservice inklusive<\/li>\n      <li>Entertainment-, Sport- und Kinderprogramme<\/li>\n    <\/ul>\n\n    <p class=\"note\">Hinweis: Eventprogramm kann sich \u00e4ndern. Themenreisen beinhalten exklusive Pride-Events.<\/p>\n\n    <div>\n     \n      <\/a>\n    <\/div>\n  <\/section>\n<\/div>\n\n\n<iframe id=\"xtibe\" scrolling=\"no\" border=\"0\" frameborder=\"0\" width=\"100%\" class=\"\" src=\"https:\/\/kreuzfahrten.der-reiseshop.de\/?aid=3b509b&#038;p=8\"><\/iframe>\n\n<script type=\"text\/javascript\">\nvar first = true;\nwindow.addEventListener(\"message\", function (message) {\n    switch (message.data.action)\n    {\n        case \"resize\":\n            document.getElementById(\"xtibe\").style.height = message.data.height + \"px\";\n            break;\n\n        case \"scroll\":\n            window.scrollBy(0, (message.data.top + document.getElementById(\"xtibe\").getBoundingClientRect().top));\n            break;\n\n        case \"navigate\":\n            if (first) {\n                first = false;\n            } else {\n                window.scrollBy(0, document.getElementById(\"xtibe\").getBoundingClientRect().top);\n            }\n            break;\n    }\n}, false);\n<\/script>\n<div class=\"tve_iframe_cover\"><\/div>\n\n","protected":false},"excerpt":{"rendered":"<p>Bunte Horizonte \u2013 Pride Cruise 2026 Vom 12. \u2013 19. Juni 2026 auf der Mein Schiff 5: eine unvergessliche Reise voller Farbe, Musik, Lebensfreude und Gemeinschaft \u2013 gemeinsam mit dem Rainbow Festival K\u00f6ln. Reise im Zeichen der Vielfalt An Bord erwartet dich eine Woche voller gemeinsamer Momente, inspirierender Gespr\u00e4che, Musik und Shows. Gemeinsam setzen wir [&hellip;]<\/p>\n","protected":false},"author":4,"featured_media":32310,"comment_status":"open","ping_status":"open","sticky":false,"template":"","format":"standard","meta":{"_exactmetrics_skip_tracking":false,"_exactmetrics_sitenote_active":false,"_exactmetrics_sitenote_note":"","_exactmetrics_sitenote_category":0,"_kadence_starter_templates_imported_post":false,"footnotes":""},"categories":[177],"tags":[],"class_list":["post-32038","post","type-post","status-publish","format-standard","has-post-thumbnail","hentry","category-tuic-sommer2026"],"yoast_head":"<!-- This site is optimized with the Yoast SEO plugin v27.2 - https:\/\/yoast.com\/product\/yoast-seo-wordpress\/ -->\n<title>Event Reise mit Mein Schiff 5 Bunte Horizonte - Dein-Schiff.de<\/title>\n<meta name=\"robots\" content=\"index, follow, max-snippet:-1, max-image-preview:large, max-video-preview:-1\" \/>\n<link rel=\"canonical\" href=\"https:\/\/der-reiseshop.de\/index.php\/2025\/09\/17\/mein-schiff-im-sommer-2026\/\" \/>\n<meta property=\"og:locale\" content=\"de_DE\" \/>\n<meta property=\"og:type\" content=\"article\" \/>\n<meta property=\"og:title\" content=\"Event Reise mit Mein Schiff 5 Bunte Horizonte - Dein-Schiff.de\" \/>\n<meta property=\"og:description\" content=\"Bunte Horizonte \u2013 Pride Cruise 2026 Vom 12. \u2013 19. Juni 2026 auf der Mein Schiff 5: eine unvergessliche Reise voller Farbe, Musik, Lebensfreude und Gemeinschaft \u2013 gemeinsam mit dem Rainbow Festival K\u00f6ln. Reise im Zeichen der Vielfalt An Bord erwartet dich eine Woche voller gemeinsamer Momente, inspirierender Gespr\u00e4che, Musik und Shows. Gemeinsam setzen wir [&hellip;]\" \/>\n<meta property=\"og:url\" content=\"https:\/\/der-reiseshop.de\/index.php\/2025\/09\/17\/mein-schiff-im-sommer-2026\/\" \/>\n<meta property=\"og:site_name\" content=\"Dein-Schiff.de\" \/>\n<meta property=\"article:published_time\" content=\"2025-09-17T10:29:31+00:00\" \/>\n<meta property=\"article:modified_time\" content=\"2025-12-30T18:39:04+00:00\" \/>\n<meta property=\"og:image\" content=\"https:\/\/der-reiseshop.de\/wp-content\/uploads\/2025\/11\/TUIC_24006_Logo_MS_Bunte_Horizonte_sRGB.png\" \/>\n\t<meta property=\"og:image:width\" content=\"3840\" \/>\n\t<meta property=\"og:image:height\" content=\"3840\" \/>\n\t<meta property=\"og:image:type\" content=\"image\/png\" \/>\n<meta name=\"author\" content=\"Nina\" \/>\n<meta name=\"twitter:card\" content=\"summary_large_image\" \/>\n<meta name=\"twitter:label1\" content=\"Verfasst von\" \/>\n\t<meta name=\"twitter:data1\" content=\"Nina\" \/>\n\t<meta name=\"twitter:label2\" content=\"Gesch\u00e4tzte Lesezeit\" \/>\n\t<meta name=\"twitter:data2\" content=\"2\u00a0Minuten\" \/>\n<script type=\"application\/ld+json\" class=\"yoast-schema-graph\">{\"@context\":\"https:\/\/schema.org\",\"@graph\":[{\"@type\":\"Article\",\"@id\":\"https:\/\/der-reiseshop.de\/index.php\/2025\/09\/17\/mein-schiff-im-sommer-2026\/#article\",\"isPartOf\":{\"@id\":\"https:\/\/der-reiseshop.de\/index.php\/2025\/09\/17\/mein-schiff-im-sommer-2026\/\"},\"author\":{\"name\":\"Nina\",\"@id\":\"https:\/\/der-reiseshop.de\/#\/schema\/person\/340a43019d7fd9cc930f72b95263384c\"},\"headline\":\"Event Reise mit Mein Schiff 5 Bunte Horizonte\",\"datePublished\":\"2025-09-17T10:29:31+00:00\",\"dateModified\":\"2025-12-30T18:39:04+00:00\",\"mainEntityOfPage\":{\"@id\":\"https:\/\/der-reiseshop.de\/index.php\/2025\/09\/17\/mein-schiff-im-sommer-2026\/\"},\"wordCount\":124,\"commentCount\":0,\"publisher\":{\"@id\":\"https:\/\/der-reiseshop.de\/#organization\"},\"image\":{\"@id\":\"https:\/\/der-reiseshop.de\/index.php\/2025\/09\/17\/mein-schiff-im-sommer-2026\/#primaryimage\"},\"thumbnailUrl\":\"https:\/\/der-reiseshop.de\/wp-content\/uploads\/2025\/11\/TUIC_24006_Logo_MS_Bunte_Horizonte_sRGB.png\",\"articleSection\":[\"TUIC Sommer2026\"],\"inLanguage\":\"de\",\"potentialAction\":[{\"@type\":\"CommentAction\",\"name\":\"Comment\",\"target\":[\"https:\/\/der-reiseshop.de\/index.php\/2025\/09\/17\/mein-schiff-im-sommer-2026\/#respond\"]}]},{\"@type\":\"WebPage\",\"@id\":\"https:\/\/der-reiseshop.de\/index.php\/2025\/09\/17\/mein-schiff-im-sommer-2026\/\",\"url\":\"https:\/\/der-reiseshop.de\/index.php\/2025\/09\/17\/mein-schiff-im-sommer-2026\/\",\"name\":\"Event Reise mit Mein Schiff 5 Bunte Horizonte - Dein-Schiff.de\",\"isPartOf\":{\"@id\":\"https:\/\/der-reiseshop.de\/#website\"},\"primaryImageOfPage\":{\"@id\":\"https:\/\/der-reiseshop.de\/index.php\/2025\/09\/17\/mein-schiff-im-sommer-2026\/#primaryimage\"},\"image\":{\"@id\":\"https:\/\/der-reiseshop.de\/index.php\/2025\/09\/17\/mein-schiff-im-sommer-2026\/#primaryimage\"},\"thumbnailUrl\":\"https:\/\/der-reiseshop.de\/wp-content\/uploads\/2025\/11\/TUIC_24006_Logo_MS_Bunte_Horizonte_sRGB.png\",\"datePublished\":\"2025-09-17T10:29:31+00:00\",\"dateModified\":\"2025-12-30T18:39:04+00:00\",\"breadcrumb\":{\"@id\":\"https:\/\/der-reiseshop.de\/index.php\/2025\/09\/17\/mein-schiff-im-sommer-2026\/#breadcrumb\"},\"inLanguage\":\"de\",\"potentialAction\":[{\"@type\":\"ReadAction\",\"target\":[\"https:\/\/der-reiseshop.de\/index.php\/2025\/09\/17\/mein-schiff-im-sommer-2026\/\"]}]},{\"@type\":\"ImageObject\",\"inLanguage\":\"de\",\"@id\":\"https:\/\/der-reiseshop.de\/index.php\/2025\/09\/17\/mein-schiff-im-sommer-2026\/#primaryimage\",\"url\":\"https:\/\/der-reiseshop.de\/wp-content\/uploads\/2025\/11\/TUIC_24006_Logo_MS_Bunte_Horizonte_sRGB.png\",\"contentUrl\":\"https:\/\/der-reiseshop.de\/wp-content\/uploads\/2025\/11\/TUIC_24006_Logo_MS_Bunte_Horizonte_sRGB.png\",\"width\":3840,\"height\":3840},{\"@type\":\"BreadcrumbList\",\"@id\":\"https:\/\/der-reiseshop.de\/index.php\/2025\/09\/17\/mein-schiff-im-sommer-2026\/#breadcrumb\",\"itemListElement\":[{\"@type\":\"ListItem\",\"position\":1,\"name\":\"Startseite\",\"item\":\"https:\/\/der-reiseshop.de\/\"},{\"@type\":\"ListItem\",\"position\":2,\"name\":\"Event Reise mit Mein Schiff 5 Bunte Horizonte\"}]},{\"@type\":\"WebSite\",\"@id\":\"https:\/\/der-reiseshop.de\/#website\",\"url\":\"https:\/\/der-reiseshop.de\/\",\"name\":\"Dein-Schiff.de\",\"description\":\"\",\"publisher\":{\"@id\":\"https:\/\/der-reiseshop.de\/#organization\"},\"potentialAction\":[{\"@type\":\"SearchAction\",\"target\":{\"@type\":\"EntryPoint\",\"urlTemplate\":\"https:\/\/der-reiseshop.de\/?s={search_term_string}\"},\"query-input\":{\"@type\":\"PropertyValueSpecification\",\"valueRequired\":true,\"valueName\":\"search_term_string\"}}],\"inLanguage\":\"de\"},{\"@type\":\"Organization\",\"@id\":\"https:\/\/der-reiseshop.de\/#organization\",\"name\":\"Dein-Schiff.de\",\"url\":\"https:\/\/der-reiseshop.de\/\",\"logo\":{\"@type\":\"ImageObject\",\"inLanguage\":\"de\",\"@id\":\"https:\/\/der-reiseshop.de\/#\/schema\/logo\/image\/\",\"url\":\"https:\/\/der-reiseshop.de\/wp-content\/uploads\/2022\/11\/Logo_print_mail.jpg\",\"contentUrl\":\"https:\/\/der-reiseshop.de\/wp-content\/uploads\/2022\/11\/Logo_print_mail.jpg\",\"width\":282,\"height\":139,\"caption\":\"Dein-Schiff.de\"},\"image\":{\"@id\":\"https:\/\/der-reiseshop.de\/#\/schema\/logo\/image\/\"}},{\"@type\":\"Person\",\"@id\":\"https:\/\/der-reiseshop.de\/#\/schema\/person\/340a43019d7fd9cc930f72b95263384c\",\"name\":\"Nina\",\"image\":{\"@type\":\"ImageObject\",\"inLanguage\":\"de\",\"@id\":\"https:\/\/secure.gravatar.com\/avatar\/f7925bdde4808f1fc7d43dab04207446253ad5e140c6f9246d8fa494aa091c47?s=96&d=mm&r=g\",\"url\":\"https:\/\/secure.gravatar.com\/avatar\/f7925bdde4808f1fc7d43dab04207446253ad5e140c6f9246d8fa494aa091c47?s=96&d=mm&r=g\",\"contentUrl\":\"https:\/\/secure.gravatar.com\/avatar\/f7925bdde4808f1fc7d43dab04207446253ad5e140c6f9246d8fa494aa091c47?s=96&d=mm&r=g\",\"caption\":\"Nina\"},\"url\":\"https:\/\/der-reiseshop.de\/index.php\/author\/nina\/\"}]}<\/script>\n<!-- \/ Yoast SEO plugin. -->","yoast_head_json":{"title":"Event Reise mit Mein Schiff 5 Bunte Horizonte - Dein-Schiff.de","robots":{"index":"index","follow":"follow","max-snippet":"max-snippet:-1","max-image-preview":"max-image-preview:large","max-video-preview":"max-video-preview:-1"},"canonical":"https:\/\/der-reiseshop.de\/index.php\/2025\/09\/17\/mein-schiff-im-sommer-2026\/","og_locale":"de_DE","og_type":"article","og_title":"Event Reise mit Mein Schiff 5 Bunte Horizonte - Dein-Schiff.de","og_description":"Bunte Horizonte \u2013 Pride Cruise 2026 Vom 12. \u2013 19. Juni 2026 auf der Mein Schiff 5: eine unvergessliche Reise voller Farbe, Musik, Lebensfreude und Gemeinschaft \u2013 gemeinsam mit dem Rainbow Festival K\u00f6ln. Reise im Zeichen der Vielfalt An Bord erwartet dich eine Woche voller gemeinsamer Momente, inspirierender Gespr\u00e4che, Musik und Shows. Gemeinsam setzen wir [&hellip;]","og_url":"https:\/\/der-reiseshop.de\/index.php\/2025\/09\/17\/mein-schiff-im-sommer-2026\/","og_site_name":"Dein-Schiff.de","article_published_time":"2025-09-17T10:29:31+00:00","article_modified_time":"2025-12-30T18:39:04+00:00","og_image":[{"width":3840,"height":3840,"url":"https:\/\/der-reiseshop.de\/wp-content\/uploads\/2025\/11\/TUIC_24006_Logo_MS_Bunte_Horizonte_sRGB.png","type":"image\/png"}],"author":"Nina","twitter_card":"summary_large_image","twitter_misc":{"Verfasst von":"Nina","Gesch\u00e4tzte Lesezeit":"2\u00a0Minuten"},"schema":{"@context":"https:\/\/schema.org","@graph":[{"@type":"Article","@id":"https:\/\/der-reiseshop.de\/index.php\/2025\/09\/17\/mein-schiff-im-sommer-2026\/#article","isPartOf":{"@id":"https:\/\/der-reiseshop.de\/index.php\/2025\/09\/17\/mein-schiff-im-sommer-2026\/"},"author":{"name":"Nina","@id":"https:\/\/der-reiseshop.de\/#\/schema\/person\/340a43019d7fd9cc930f72b95263384c"},"headline":"Event Reise mit Mein Schiff 5 Bunte Horizonte","datePublished":"2025-09-17T10:29:31+00:00","dateModified":"2025-12-30T18:39:04+00:00","mainEntityOfPage":{"@id":"https:\/\/der-reiseshop.de\/index.php\/2025\/09\/17\/mein-schiff-im-sommer-2026\/"},"wordCount":124,"commentCount":0,"publisher":{"@id":"https:\/\/der-reiseshop.de\/#organization"},"image":{"@id":"https:\/\/der-reiseshop.de\/index.php\/2025\/09\/17\/mein-schiff-im-sommer-2026\/#primaryimage"},"thumbnailUrl":"https:\/\/der-reiseshop.de\/wp-content\/uploads\/2025\/11\/TUIC_24006_Logo_MS_Bunte_Horizonte_sRGB.png","articleSection":["TUIC Sommer2026"],"inLanguage":"de","potentialAction":[{"@type":"CommentAction","name":"Comment","target":["https:\/\/der-reiseshop.de\/index.php\/2025\/09\/17\/mein-schiff-im-sommer-2026\/#respond"]}]},{"@type":"WebPage","@id":"https:\/\/der-reiseshop.de\/index.php\/2025\/09\/17\/mein-schiff-im-sommer-2026\/","url":"https:\/\/der-reiseshop.de\/index.php\/2025\/09\/17\/mein-schiff-im-sommer-2026\/","name":"Event Reise mit Mein Schiff 5 Bunte Horizonte - Dein-Schiff.de","isPartOf":{"@id":"https:\/\/der-reiseshop.de\/#website"},"primaryImageOfPage":{"@id":"https:\/\/der-reiseshop.de\/index.php\/2025\/09\/17\/mein-schiff-im-sommer-2026\/#primaryimage"},"image":{"@id":"https:\/\/der-reiseshop.de\/index.php\/2025\/09\/17\/mein-schiff-im-sommer-2026\/#primaryimage"},"thumbnailUrl":"https:\/\/der-reiseshop.de\/wp-content\/uploads\/2025\/11\/TUIC_24006_Logo_MS_Bunte_Horizonte_sRGB.png","datePublished":"2025-09-17T10:29:31+00:00","dateModified":"2025-12-30T18:39:04+00:00","breadcrumb":{"@id":"https:\/\/der-reiseshop.de\/index.php\/2025\/09\/17\/mein-schiff-im-sommer-2026\/#breadcrumb"},"inLanguage":"de","potentialAction":[{"@type":"ReadAction","target":["https:\/\/der-reiseshop.de\/index.php\/2025\/09\/17\/mein-schiff-im-sommer-2026\/"]}]},{"@type":"ImageObject","inLanguage":"de","@id":"https:\/\/der-reiseshop.de\/index.php\/2025\/09\/17\/mein-schiff-im-sommer-2026\/#primaryimage","url":"https:\/\/der-reiseshop.de\/wp-content\/uploads\/2025\/11\/TUIC_24006_Logo_MS_Bunte_Horizonte_sRGB.png","contentUrl":"https:\/\/der-reiseshop.de\/wp-content\/uploads\/2025\/11\/TUIC_24006_Logo_MS_Bunte_Horizonte_sRGB.png","width":3840,"height":3840},{"@type":"BreadcrumbList","@id":"https:\/\/der-reiseshop.de\/index.php\/2025\/09\/17\/mein-schiff-im-sommer-2026\/#breadcrumb","itemListElement":[{"@type":"ListItem","position":1,"name":"Startseite","item":"https:\/\/der-reiseshop.de\/"},{"@type":"ListItem","position":2,"name":"Event Reise mit Mein Schiff 5 Bunte Horizonte"}]},{"@type":"WebSite","@id":"https:\/\/der-reiseshop.de\/#website","url":"https:\/\/der-reiseshop.de\/","name":"Dein-Schiff.de","description":"","publisher":{"@id":"https:\/\/der-reiseshop.de\/#organization"},"potentialAction":[{"@type":"SearchAction","target":{"@type":"EntryPoint","urlTemplate":"https:\/\/der-reiseshop.de\/?s={search_term_string}"},"query-input":{"@type":"PropertyValueSpecification","valueRequired":true,"valueName":"search_term_string"}}],"inLanguage":"de"},{"@type":"Organization","@id":"https:\/\/der-reiseshop.de\/#organization","name":"Dein-Schiff.de","url":"https:\/\/der-reiseshop.de\/","logo":{"@type":"ImageObject","inLanguage":"de","@id":"https:\/\/der-reiseshop.de\/#\/schema\/logo\/image\/","url":"https:\/\/der-reiseshop.de\/wp-content\/uploads\/2022\/11\/Logo_print_mail.jpg","contentUrl":"https:\/\/der-reiseshop.de\/wp-content\/uploads\/2022\/11\/Logo_print_mail.jpg","width":282,"height":139,"caption":"Dein-Schiff.de"},"image":{"@id":"https:\/\/der-reiseshop.de\/#\/schema\/logo\/image\/"}},{"@type":"Person","@id":"https:\/\/der-reiseshop.de\/#\/schema\/person\/340a43019d7fd9cc930f72b95263384c","name":"Nina","image":{"@type":"ImageObject","inLanguage":"de","@id":"https:\/\/secure.gravatar.com\/avatar\/f7925bdde4808f1fc7d43dab04207446253ad5e140c6f9246d8fa494aa091c47?s=96&d=mm&r=g","url":"https:\/\/secure.gravatar.com\/avatar\/f7925bdde4808f1fc7d43dab04207446253ad5e140c6f9246d8fa494aa091c47?s=96&d=mm&r=g","contentUrl":"https:\/\/secure.gravatar.com\/avatar\/f7925bdde4808f1fc7d43dab04207446253ad5e140c6f9246d8fa494aa091c47?s=96&d=mm&r=g","caption":"Nina"},"url":"https:\/\/der-reiseshop.de\/index.php\/author\/nina\/"}]}},"_links":{"self":[{"href":"https:\/\/der-reiseshop.de\/index.php\/wp-json\/wp\/v2\/posts\/32038","targetHints":{"allow":["GET"]}}],"collection":[{"href":"https:\/\/der-reiseshop.de\/index.php\/wp-json\/wp\/v2\/posts"}],"about":[{"href":"https:\/\/der-reiseshop.de\/index.php\/wp-json\/wp\/v2\/types\/post"}],"author":[{"embeddable":true,"href":"https:\/\/der-reiseshop.de\/index.php\/wp-json\/wp\/v2\/users\/4"}],"replies":[{"embeddable":true,"href":"https:\/\/der-reiseshop.de\/index.php\/wp-json\/wp\/v2\/comments?post=32038"}],"version-history":[{"count":46,"href":"https:\/\/der-reiseshop.de\/index.php\/wp-json\/wp\/v2\/posts\/32038\/revisions"}],"predecessor-version":[{"id":32325,"href":"https:\/\/der-reiseshop.de\/index.php\/wp-json\/wp\/v2\/posts\/32038\/revisions\/32325"}],"wp:featuredmedia":[{"embeddable":true,"href":"https:\/\/der-reiseshop.de\/index.php\/wp-json\/wp\/v2\/media\/32310"}],"wp:attachment":[{"href":"https:\/\/der-reiseshop.de\/index.php\/wp-json\/wp\/v2\/media?parent=32038"}],"wp:term":[{"taxonomy":"category","embeddable":true,"href":"https:\/\/der-reiseshop.de\/index.php\/wp-json\/wp\/v2\/categories?post=32038"},{"taxonomy":"post_tag","embeddable":true,"href":"https:\/\/der-reiseshop.de\/index.php\/wp-json\/wp\/v2\/tags?post=32038"}],"curies":[{"name":"wp","href":"https:\/\/api.w.org\/{rel}","templated":true}]}}